{"id":1749,"date":"2024-06-06T16:38:55","date_gmt":"2024-06-06T19:38:55","guid":{"rendered":"https:\/\/cadbim.com.br\/?p=1749"},"modified":"2025-07-17T20:18:29","modified_gmt":"2025-07-17T23:18:29","slug":"papo-bim-season-2-episode-1-the-journey-of-knowledge-continues","status":"publish","type":"post","link":"https:\/\/cadbim.com.br\/en\/papo-bim-season-2-episode-1-the-journey-of-knowledge-continues\/","title":{"rendered":"PAPO BIM Season 2 | Episode 01 \u2013 The Journey of Knowledge Continues"},"content":{"rendered":"<p>In this season 2 launch episode, we begin alongside Rodrigo Mioni (CEO) and Paulo Tiburtino (Technical Director), discussing CADBIM&#039;s new horizons and exploring the innovations that have marked the last few years of BIM and the company. <\/p>\n\n\n\n<p>Get ready for: <\/p>\n\n\n\n<p>\u2022 To testify about the unprecedented partnership with a renowned educational institution: An initiative that aims to democratize access to knowledge in software and technologies, empowering professionals and enthusiasts in the field. <\/p>\n\n\n\n<p>\u2022 Gain valuable insights from Rodrigo Mioni and Paulo Tiburtino: An inspiring conversation about the future of CADBIM, their plans for company growth, and the importance of education in the digital age. <\/p>\n\n\n\n<p>\u2022 Giveaway of the INNOVATE WITH BIM t-shirt from Cadbim: Follow CADBIM on social media (YouTube, Instagram, and LinkedIn) and leave a suggestion, question, or comment tagging a friend. You&#039;ll be entered to win 2 t-shirts, with the drawing taking place on June 25, 2024. This is just the beginning of an incredible journey! <\/p>\n\n\n\n<p>Follow CADBIM and stay tuned for our next episodes with very special guests!<\/p>\n\n\n\n<figure class=\"wp-block-embed is-type-video is-provider-youtube wp-block-embed-youtube wp-embed-aspect-16-9 wp-has-aspect-ratio\"><div class=\"wp-block-embed__wrapper\">\n<iframe loading=\"lazy\" title=\"PAPO BIM Season 2 | Episode 01 - The Journey of Knowledge Continues\" width=\"500\" height=\"281\" src=\"https:\/\/www.youtube.com\/embed\/KDkeUj-PKDw?start=1160&#038;feature=oembed\" frameborder=\"0\" allow=\"accelerometer; autoplay; clipboard-write; encrypted-media; gyroscope; picture-in-picture; web-share\" referrerpolicy=\"strict-origin-when-cross-origin\" allowfullscreen><\/iframe>\n<\/div><\/figure>","protected":false},"excerpt":{"rendered":"<p>Neste epis\u00f3dio de lan\u00e7amento da 2\u00aa temporada, iniciamos ao lado de Rodrigo Mioni (CEO) e Paulo Tiburtino (Diretor T\u00e9cnico), relatando os novos horizontes da CADBIM e explorando as novidades que marcaram os \u00faltimos anos do BIM e da empresa. Prepare-se para: \u2022 Testemunhar sobre a in\u00e9dita parceria com uma institui\u00e7\u00e3o de ensino renomada: Uma iniciativa [&hellip;]<\/p>","protected":false},"author":4,"featured_media":1787,"comment_status":"closed","ping_status":"closed","sticky":false,"template":"","format":"standard","meta":{"_acf_changed":false,"inline_featured_image":false,"footnotes":""},"categories":[48],"tags":[],"class_list":["post-1749","post","type-post","status-publish","format-standard","has-post-thumbnail","hentry","category-papo-bim"],"acf":[],"_links":{"self":[{"href":"https:\/\/cadbim.com.br\/en\/wp-json\/wp\/v2\/posts\/1749","targetHints":{"allow":["GET"]}}],"collection":[{"href":"https:\/\/cadbim.com.br\/en\/wp-json\/wp\/v2\/posts"}],"about":[{"href":"https:\/\/cadbim.com.br\/en\/wp-json\/wp\/v2\/types\/post"}],"author":[{"embeddable":true,"href":"https:\/\/cadbim.com.br\/en\/wp-json\/wp\/v2\/users\/4"}],"replies":[{"embeddable":true,"href":"https:\/\/cadbim.com.br\/en\/wp-json\/wp\/v2\/comments?post=1749"}],"version-history":[{"count":1,"href":"https:\/\/cadbim.com.br\/en\/wp-json\/wp\/v2\/posts\/1749\/revisions"}],"predecessor-version":[{"id":1752,"href":"https:\/\/cadbim.com.br\/en\/wp-json\/wp\/v2\/posts\/1749\/revisions\/1752"}],"wp:featuredmedia":[{"embeddable":true,"href":"https:\/\/cadbim.com.br\/en\/wp-json\/wp\/v2\/media\/1787"}],"wp:attachment":[{"href":"https:\/\/cadbim.com.br\/en\/wp-json\/wp\/v2\/media?parent=1749"}],"wp:term":[{"taxonomy":"category","embeddable":true,"href":"https:\/\/cadbim.com.br\/en\/wp-json\/wp\/v2\/categories?post=1749"},{"taxonomy":"post_tag","embeddable":true,"href":"https:\/\/cadbim.com.br\/en\/wp-json\/wp\/v2\/tags?post=1749"}],"curies":[{"name":"wp","href":"https:\/\/api.w.org\/{rel}","templated":true}]}}