{"id":1476,"date":"2024-04-18T11:30:59","date_gmt":"2024-04-18T14:30:59","guid":{"rendered":"https:\/\/cadbim.com.br\/?p=1476"},"modified":"2025-07-17T20:18:07","modified_gmt":"2025-07-17T23:18:07","slug":"bim-talk-episode-04-bim-at-college-office-and-construction-site","status":"publish","type":"post","link":"https:\/\/cadbim.com.br\/en\/bim-talk-episode-04-bim-at-college-office-and-construction-site\/","title":{"rendered":"BIM TALK | Episode 04 \u2013 BIM in College, Office and Construction Site."},"content":{"rendered":"<p><a href=\"https:\/\/www.youtube.com\/@CADBIMCONSULTORIA\" target=\"_blank\" rel=\"noopener\"><\/a><\/p>\n\n\n\n<p>In the 4th episode of the \u201cPAPO BIM Podcast \u2013 BIM in College, Office and Construction Site\u201d, guest Bruna Vieira \u2013 a graduate in Architecture and Urbanism, Designer, BIM Specialist, Postgraduate student in Project Management at FGV and Professor in the Master&#039;s program in BIM Management Tools at IPOG \u2013 shares her story and career in Architecture, explains how her interest in Architecture began, the challenges in training in BIM, her BIM implementations in companies, and how her current work at a Multinational Company assists in the construction of a Metro station in the city of S\u00e3o Paulo using BIM.<\/p>\n\n\n\n<figure class=\"wp-block-embed is-type-video is-provider-youtube wp-block-embed-youtube wp-embed-aspect-16-9 wp-has-aspect-ratio\"><div class=\"wp-block-embed__wrapper\">\n<iframe loading=\"lazy\" title=\"BIM TALK | Episode 04 - BIM in College, Office and Construction Site\" width=\"500\" height=\"281\" src=\"https:\/\/www.youtube.com\/embed\/RwdLIJIjcKg?feature=oembed\" frameborder=\"0\" allow=\"accelerometer; autoplay; clipboard-write; encrypted-media; gyroscope; picture-in-picture; web-share\" referrerpolicy=\"strict-origin-when-cross-origin\" allowfullscreen><\/iframe>\n<\/div><\/figure>","protected":false},"excerpt":{"rendered":"<p>No 4\u00ba epis\u00f3dio do &#8220;Podcast PAPO BIM &#8211; BIM na Faculdade, Escrit\u00f3rio e Obra&#8221;, a convidada Bruna Vieira &#8211; formada em Arquitetura e Urbanismo, Designer, Especialista BIM, P\u00f3s-Graduanda em Gerenciamento de Projeto na FGV e Docente na p\u00f3s-gradua\u00e7\u00e3o de Master em BIM Ferramentas de Gest\u00e3o no IPOG, compartilha sua hist\u00f3ria e carreira na Arquitetura, explica [&hellip;]<\/p>","protected":false},"author":4,"featured_media":1789,"comment_status":"closed","ping_status":"closed","sticky":false,"template":"","format":"standard","meta":{"_acf_changed":false,"inline_featured_image":false,"footnotes":""},"categories":[48],"tags":[],"class_list":["post-1476","post","type-post","status-publish","format-standard","has-post-thumbnail","hentry","category-papo-bim"],"acf":[],"_links":{"self":[{"href":"https:\/\/cadbim.com.br\/en\/wp-json\/wp\/v2\/posts\/1476","targetHints":{"allow":["GET"]}}],"collection":[{"href":"https:\/\/cadbim.com.br\/en\/wp-json\/wp\/v2\/posts"}],"about":[{"href":"https:\/\/cadbim.com.br\/en\/wp-json\/wp\/v2\/types\/post"}],"author":[{"embeddable":true,"href":"https:\/\/cadbim.com.br\/en\/wp-json\/wp\/v2\/users\/4"}],"replies":[{"embeddable":true,"href":"https:\/\/cadbim.com.br\/en\/wp-json\/wp\/v2\/comments?post=1476"}],"version-history":[{"count":1,"href":"https:\/\/cadbim.com.br\/en\/wp-json\/wp\/v2\/posts\/1476\/revisions"}],"predecessor-version":[{"id":1793,"href":"https:\/\/cadbim.com.br\/en\/wp-json\/wp\/v2\/posts\/1476\/revisions\/1793"}],"wp:featuredmedia":[{"embeddable":true,"href":"https:\/\/cadbim.com.br\/en\/wp-json\/wp\/v2\/media\/1789"}],"wp:attachment":[{"href":"https:\/\/cadbim.com.br\/en\/wp-json\/wp\/v2\/media?parent=1476"}],"wp:term":[{"taxonomy":"category","embeddable":true,"href":"https:\/\/cadbim.com.br\/en\/wp-json\/wp\/v2\/categories?post=1476"},{"taxonomy":"post_tag","embeddable":true,"href":"https:\/\/cadbim.com.br\/en\/wp-json\/wp\/v2\/tags?post=1476"}],"curies":[{"name":"wp","href":"https:\/\/api.w.org\/{rel}","templated":true}]}}